{"id":643,"date":"2023-05-30T14:32:55","date_gmt":"2023-05-30T14:32:55","guid":{"rendered":"https:\/\/fideamerica.net\/site\/?p=643"},"modified":"2023-05-30T14:32:55","modified_gmt":"2023-05-30T14:32:55","slug":"asamblea-general-ordinaria-2023-de-cca","status":"publish","type":"post","link":"https:\/\/fideamerica.net\/site\/2023\/05\/30\/asamblea-general-ordinaria-2023-de-cca\/","title":{"rendered":"Asamblea general ordinaria 2023 de CCA"},"content":{"rendered":"\n<p>La Asamblea General de laConfederaci\u00f3n de Ajedrez para Am\u00e9rica (CCA)  concluy\u00f3 con \u00e9xito en la ciudad de Juan Dolio el pasado 27 de mayo en el hotel Hodelpa Garden Suites. El evento, que reuni\u00f3 a representantes de las federaciones de ajedrez de toda Am\u00e9rica, se llev\u00f3 a cabo de manera presencial y virtual, permitiendo la participaci\u00f3n de personas de diferentes pa\u00edses y garantizando un amplio alcance.<\/p>\n\n\n\n<figure class=\"wp-block-image size-full\"><img loading=\"lazy\" decoding=\"async\" width=\"1600\" height=\"1200\" src=\"https:\/\/fideamerica.net\/site\/wp-content\/uploads\/2023\/05\/WhatsApp-Image-2023-05-27-at-6.30.25-PM-1-1.jpeg\" alt=\"\" class=\"wp-image-644\"\/><\/figure>\n\n\n\n<p>Participaron de la asamblea <\/p>\n\n\n\n<ul class=\"wp-block-list\">\n<li>Jos\u00e9 Carrillo Pujol \u2013 presidente CCA<\/li>\n\n\n\n<li>Enrique Celi \u2013 secretario CCA<\/li>\n\n\n\n<li>Francisco Cruz Arce &#8211; vicepresidente CCA<\/li>\n\n\n\n<li>Erick Hern\u00e1ndez &#8211; Tesorero CCA<\/li>\n\n\n\n<li>Carol S. Williams Pesqueira- Miembro del Consejo<\/li>\n\n\n\n<li>Sandy Rarzak- Miembro del Consejo<\/li>\n\n\n\n<li>Juan C. Mundaca \u2013 Miembro del Consejo<\/li>\n\n\n\n<li>Laurent Freyd- FIDE-PCD<\/li>\n\n\n\n<li>Viktor Bologan-FIDE-Director Ejecutivo<\/li>\n\n\n\n<li>Carolina Mu\u00f1oz- FIDE- PCD<\/li>\n\n\n\n<li>Kermen Goryaeva- FIDE-PCD<\/li>\n\n\n\n<li>Johana Gonz\u00e1lez \u2013 Gerente Administrativo<\/li>\n\n\n\n<li>Karen Paniagua \u2013 Asistente de Presidencia<\/li>\n<\/ul>\n\n\n\n<p><strong>Asistentes pa\u00edses y delegados de manera presencial:<\/strong><\/p>\n\n\n\n<figure class=\"wp-block-table is-style-stripes\"><table><tbody><tr><td>Aruba<\/td><td>Carol Williams Pesqueira<\/td><td>Delegado<\/td><\/tr><tr><td>Bahamas<\/td><td>Curtis Pride<\/td><td>Delegado<\/td><\/tr><tr><td>Barbados<\/td><td>Allan Herbert<\/td><td>Delegado<\/td><\/tr><tr><td>Bolivia<\/td><td>Osvaldo Zambrano<\/td><td>Delegado<\/td><\/tr><tr><td>Brzil<\/td><td>Darcy Lima<\/td><td>Delegado<\/td><\/tr><tr><td>Colombia<\/td><td>Fernando Moscotes<\/td><td>Delegado<\/td><\/tr><tr><td>Costa Rica<\/td><td>Luis Quiros<\/td><td>Delegado<\/td><\/tr><tr><td>Cuba<\/td><td>Carlos Rivero<\/td><td>Delegado<\/td><\/tr><tr><td>Ecuador<\/td><td>Felipe Delgado<\/td><td>Delegado<\/td><\/tr><tr><td>El Salvador<\/td><td>David Blanco<\/td><td>Delegado<\/td><\/tr><tr><td>Estados Unidos<\/td><td>Allen Priest<\/td><td>Delegado<\/td><\/tr><tr><td>Granada<\/td><td>Carlyle Glean<\/td><td>Delegado<\/td><\/tr><tr><td>Guatemala <\/td><td>Josue Centes<\/td><td>Delegado<\/td><\/tr><tr><td>Guyana<\/td><td>Anand Raghunauth<\/td><td>Delegado<\/td><\/tr><tr><td>Haiti<\/td><td>Jacky Lumarque<\/td><td>Delegado<\/td><\/tr><tr><td>Honduras<\/td><td>Juan Carlos Hernandez<\/td><td>Delegado<\/td><\/tr><tr><td>Islas Cayman<\/td><td>Malcolm Powell<\/td><td>Delegado<\/td><\/tr><tr><td>Panam\u00e1<\/td><td>Jos\u00e9 Carrillo<\/td><td>Delegado<\/td><\/tr><tr><td>Paraguay<\/td><td>Andr\u00e9s Riquelme<\/td><td>Delegado<\/td><\/tr><tr><td>Per\u00fa<\/td><td>Victor Pimentel<\/td><td>Delegado<\/td><\/tr><tr><td>Puerto Rico<\/td><td>Ismael&nbsp; Soto<\/td><td>Delegado<\/td><\/tr><tr><td>Republica Dominicana<\/td><td>Pedro Dominguez<\/td><td>Delegado<\/td><\/tr><tr><td>Saint Vincent and the Grenadines<\/td><td>Israel Bruce<\/td><td>Delegado<\/td><\/tr><tr><td>Suriname<\/td><td>Marlon Kaslan<\/td><td>Delegado<\/td><\/tr><tr><td>Trinidad y Tobago<\/td><td>Sonja Johnson<\/td><td>Delegado<\/td><\/tr><tr><td>Uruguay<\/td><td>Enrique Celi<\/td><td>Delegado<\/td><\/tr><\/tbody><\/table><\/figure>\n\n\n\n<p><strong>Asistieron de forma virtual<\/strong>:<\/p>\n\n\n\n<figure class=\"wp-block-table is-style-stripes\"><table><tbody><tr><td>Belice<\/td><td>Awe, Alfred<\/td><td><\/td><\/tr><tr><td>Santa Lucia<\/td><td>Richards Tris Ann<\/td><td><\/td><\/tr><tr><td>US. Virgin Islands<\/td><td>Murphy, Margaret<\/td><td><\/td><\/tr><tr><td>Jamaica<\/td><td>Peter Myers<\/td><td><\/td><\/tr><tr><td>Chile<\/td><td>Alejandra Diaz Sepulveda<\/td><td><\/td><\/tr><tr><td>Venezuela<\/td><td>Jos\u00e9 Romero<\/td><td><\/td><\/tr><tr><td>Nicaragua<\/td><td>Guy Dr. Bendana Guerrara<\/td><td><\/td><\/tr><tr><td>Antgua and Barbuda<\/td><td>Seimore Smith<\/td><td><\/td><\/tr><tr><td>Canada<\/td><td>Victor Plotkin<\/td><td><\/td><\/tr><tr><td>Curacao<\/td><td><\/td><td><\/td><\/tr><tr><td>St Kitts and Nevis<\/td><td>P\u00b4Della\u00a8P Stanley<\/td><td><\/td><\/tr><tr><td>Dominica<\/td><td>Nigel Francys<\/td><td><\/td><\/tr><\/tbody><\/table><\/figure>\n","protected":false},"excerpt":{"rendered":"<p>La Asamblea General de laConfederaci\u00f3n de Ajedrez para Am\u00e9rica (CCA) concluy\u00f3 con \u00e9xito en la ciudad de Juan Dolio el pasado 27 de mayo en<\/p>\n","protected":false},"author":1,"featured_media":647,"comment_status":"open","ping_status":"open","sticky":false,"template":"","format":"standard","meta":{"footnotes":""},"categories":[4,2],"tags":[],"class_list":["post-643","post","type-post","status-publish","format-standard","has-post-thumbnail","hentry","category-destacados","category-novedades"],"_links":{"self":[{"href":"https:\/\/fideamerica.net\/site\/wp-json\/wp\/v2\/posts\/643","targetHints":{"allow":["GET"]}}],"collection":[{"href":"https:\/\/fideamerica.net\/site\/wp-json\/wp\/v2\/posts"}],"about":[{"href":"https:\/\/fideamerica.net\/site\/wp-json\/wp\/v2\/types\/post"}],"author":[{"embeddable":true,"href":"https:\/\/fideamerica.net\/site\/wp-json\/wp\/v2\/users\/1"}],"replies":[{"embeddable":true,"href":"https:\/\/fideamerica.net\/site\/wp-json\/wp\/v2\/comments?post=643"}],"version-history":[{"count":0,"href":"https:\/\/fideamerica.net\/site\/wp-json\/wp\/v2\/posts\/643\/revisions"}],"wp:featuredmedia":[{"embeddable":true,"href":"https:\/\/fideamerica.net\/site\/wp-json\/wp\/v2\/media\/647"}],"wp:attachment":[{"href":"https:\/\/fideamerica.net\/site\/wp-json\/wp\/v2\/media?parent=643"}],"wp:term":[{"taxonomy":"category","embeddable":true,"href":"https:\/\/fideamerica.net\/site\/wp-json\/wp\/v2\/categories?post=643"},{"taxonomy":"post_tag","embeddable":true,"href":"https:\/\/fideamerica.net\/site\/wp-json\/wp\/v2\/tags?post=643"}],"curies":[{"name":"wp","href":"https:\/\/api.w.org\/{rel}","templated":true}]}}