{"id":17499,"date":"2025-10-09T03:40:10","date_gmt":"2025-10-09T01:40:10","guid":{"rendered":"https:\/\/fideamerica.net\/site\/?p=17499"},"modified":"2025-10-09T04:52:34","modified_gmt":"2025-10-09T02:52:34","slug":"leontxo-garcia-en-chile-una-visita-que-impulsa-el-ajedrez-educativo-en-america","status":"publish","type":"post","link":"https:\/\/fideamerica.net\/site\/2025\/10\/09\/leontxo-garcia-en-chile-una-visita-que-impulsa-el-ajedrez-educativo-en-america\/","title":{"rendered":"Leontxo Garc\u00eda en Chile: una visita que impulsa el ajedrez educativo en Am\u00e9rica"},"content":{"rendered":"\n<article class=\"wrap\">\n  <style>\n    :root{\n      --brand:#0c253a;\n      --accent:#1e6bb8;\n      --text:#1b1f23;\n      --muted:#6a737d;\n      --bg:#ffffff;\n      --soft:#f5f7fb;\n    }\n    body{background:var(--bg);color:var(--text);font-family:system-ui,-apple-system,Segoe UI,Roboto,Ubuntu,Cantarell,Noto Sans,sans-serif;line-height:1.6}\n    .wrap{max-width:980px;margin:0 auto;padding:24px}\n    header h1{margin:0 0 8px;font-size:clamp(1.8rem,2.3vw,2.3rem);color:var(--brand)}\n    .meta{color:var(--muted);font-size:.95rem;margin-bottom:24px}\n    h2{color:var(--brand);margin-top:32px;font-size:clamp(1.3rem,2vw,1.6rem)}\n    p{margin:0 0 16px}\n    blockquote{border-left:4px solid var(--accent);margin:16px 0;padding:8px 16px;background:var(--soft)}\n    figure{margin:24px 0;background:#fff;border:1px solid #e6e8eb;border-radius:10px;overflow:hidden;box-shadow:0 2px 8px rgba(0,0,0,.05)}\n    figure img{display:block;width:100%;height:auto}\n    figcaption{font-size:.92rem;color:var(--muted);padding:10px 14px}\n    .credit{font-size:.85rem;color:var(--muted);margin-top:8px}\n    .gallery{display:grid;grid-template-columns:1fr;gap:16px}\n    @media (min-width:720px){.gallery{grid-template-columns:1fr 1fr}}\n    .badge{display:inline-block;background:var(--soft);border:1px solid #e6e8eb;padding:4px 8px;border-radius:999px;font-size:.85rem;color:var(--muted)}\n  <\/style>\n\n  <header>\n    <span class=\"badge\">Cobertura oficial<\/span>\n    <p class=\"meta\"><strong>Santiago, 7 de octubre de 2025.<\/strong> Organizan: <strong>FIDE Am\u00e9rica<\/strong> y <strong>Federaci\u00f3n Deportiva Nacional de Ajedrez de Chile (AJEFECH)<\/strong>.<\/p>\n  <\/header>\n\n  <p>El reconocido periodista, conferencista y maestro espa\u00f1ol <strong>Leontxo Garc\u00eda<\/strong> desarroll\u00f3 una intensa agenda de actividades en Chile los d\u00edas <strong>6 y 7 de octubre<\/strong>, en una visita organizada por <strong>FIDE Am\u00e9rica<\/strong> y la <strong>Federaci\u00f3n Deportiva Nacional de Ajedrez de Chile (AJEFECH)<\/strong>. La gira, que combin\u00f3 reuniones institucionales, conferencias acad\u00e9micas y encuentros con la comunidad, reafirm\u00f3 el compromiso del ajedrez continental con la educaci\u00f3n y la transformaci\u00f3n social.<\/p>\n\n  <h2>El poder educativo del ajedrez<\/h2>\n  <p>Leontxo Garc\u00eda, una de las figuras m\u00e1s influyentes en la divulgaci\u00f3n del ajedrez mundial, ha visitado <strong>111 pa\u00edses<\/strong> y formado a <strong>m\u00e1s de 30.000 docentes<\/strong> en el uso del ajedrez como herramienta pedag\u00f3gica, social y terap\u00e9utica brind\u00f3 una clase magistral titulada <em>\u201cEl poder educativo del ajedrez\u201d<\/em>, realizada en el <strong>Auditorio Arturo Alessandri de la Facultad de Derecho de la Universidad de Chile<\/strong>.<\/p>\n\n  <figure>\n    <img decoding=\"async\" src=\"https:\/\/fideamerica.net\/site\/wp-content\/uploads\/2025\/10\/WhatsApp-Image-2025-10-07-at-4.15.13-PM.jpeg\" alt=\"Leontxo Garc\u00eda frente a la audiencia durante su conferencia en Santiago de Chile\" \/>\n    <figcaption>Leontxo Garc\u00eda durante la conferencia \u201cEl poder educativo del ajedrez\u201d<\/figcaption>\n  <\/figure>\n\n  <blockquote>\u201cEl ajedrez es una piedra de toque para el intelecto humano\u201d, cit\u00f3 Garc\u00eda recordando a Goethe, subrayando la necesidad de incorporar pensamiento estrat\u00e9gico y razonamiento cr\u00edtico en la educaci\u00f3n del siglo XXI.<\/blockquote>\n\n  <h2>Encuentros institucionales y parlamentarios<\/h2>\n  <p>El lunes 6 de octubre, Garc\u00eda se reuni\u00f3 con el <strong>Ministro del Deporte, Sr. Jaime Pizarro<\/strong>, acompa\u00f1ado por la <strong>Presidenta de AJEFECH, Alejandra D\u00edaz<\/strong>, el <strong>Vicepresidente Adolfo Barrios<\/strong> y la <strong>Encargada de Gesti\u00f3n y Recursos, M\u00f3nica Salazar<\/strong>. El martes 7 continu\u00f3 la agenda con una <strong>reuni\u00f3n con el Ministro de Educaci\u00f3n<\/strong>, para dialogar sobre las potencialidades del ajedrez como herramienta pedag\u00f3gica e integradora en el sistema educativo chileno. Asimismo, realiz\u00f3 una <strong>presentaci\u00f3n ante la Comisi\u00f3n de Educaci\u00f3n de la C\u00e1mara de Diputados<\/strong>, compartiendo evidencias y experiencias internacionales del ajedrez educativo.<\/p>\n\n  <div class=\"gallery\">\n    <figure>\n      <img decoding=\"async\" src=\"https:\/\/fideamerica.net\/site\/wp-content\/uploads\/2025\/10\/WhatsApp-Image-2025-10-07-at-4.15.14-PM-2.jpeg\" alt=\"Alejandra D\u00edaz presenta y Leontxo Garc\u00eda escucha en el auditorio\" \/>\n      \n    <\/figure>\n    <figure>\n      <img decoding=\"async\" src=\"https:\/\/fideamerica.net\/site\/wp-content\/uploads\/2025\/10\/WhatsApp-Image-2025-10-07-at-4.15.14-PM-1.jpeg\" \/>\n      \n    <\/figure>\n  <\/div>\n\n  <h2>Espacios acad\u00e9micos y de difusi\u00f3n<\/h2>\n  <p>La visita incluy\u00f3 una entrevista en el programa radial <strong>Expreso Bio Bio<\/strong>, donde Garc\u00eda reflexion\u00f3 sobre la vigencia del ajedrez en un mundo dominado por la tecnolog\u00eda. M\u00e1s tarde, ofreci\u00f3 una <strong>conferencia magistral abierta<\/strong> a la comunidad ajedrec\u00edstica nacional, celebrada en <strong>Madrid 888, Santiago Centro<\/strong>, con amplia asistencia de jugadores, entrenadores, docentes y representantes institucionales.<\/p>\n\n  <figure>\n    <img decoding=\"async\" src=\"https:\/\/fideamerica.net\/site\/wp-content\/uploads\/2025\/10\/WhatsApp-Image-2025-10-07-at-4.15.14-PM.jpeg\" alt=\"Vista general del auditorio con asistentes atentos mientras Leontxo Garc\u00eda expone\" \/>\n    <figcaption>Auditorio completo durante la conferencia para la comunidad ajedrec\u00edstica nacional en Santiago Centro.<\/figcaption>\n  <\/figure>\n\n  <h2>Compromiso continental<\/h2>\n  <p>La gira culmina con la participaci\u00f3n del maestro en el <strong>lanzamiento oficial del Campeonato Sudamericano de Ajedrez Absoluto y Femenino Rancagua 2025<\/strong>, que reunir\u00e1 a los mejores exponentes del continente del <strong>3 al 8 de noviembre<\/strong>.<\/p>\n\n  <p>La <strong>Presidenta de AJEFECH, Alejandra D\u00edaz<\/strong>, destac\u00f3 la relevancia de la visita: <em>\u201cEl apoyo de FIDE Am\u00e9rica y de su Comisi\u00f3n de Educaci\u00f3n es fundamental. Nos permite fortalecer el ajedrez como herramienta de transformaci\u00f3n educativa y social, y continuar impulsando su desarrollo en nuestro pa\u00eds\u201d.<\/em><\/p>\n\n<\/article>\n","protected":false},"excerpt":{"rendered":"<p>Cobertura oficial Santiago, 7 de octubre de 2025. Organizan: FIDE Am\u00e9rica y Federaci\u00f3n Deportiva Nacional de Ajedrez de Chile (AJEFECH). El reconocido periodista, conferencista y<\/p>\n","protected":false},"author":1,"featured_media":17504,"comment_status":"open","ping_status":"open","sticky":false,"template":"","format":"standard","meta":{"footnotes":""},"categories":[23,2,6],"tags":[],"class_list":["post-17499","post","type-post","status-publish","format-standard","has-post-thumbnail","hentry","category-chile","category-novedades","category-seminarios"],"_links":{"self":[{"href":"https:\/\/fideamerica.net\/site\/wp-json\/wp\/v2\/posts\/17499","targetHints":{"allow":["GET"]}}],"collection":[{"href":"https:\/\/fideamerica.net\/site\/wp-json\/wp\/v2\/posts"}],"about":[{"href":"https:\/\/fideamerica.net\/site\/wp-json\/wp\/v2\/types\/post"}],"author":[{"embeddable":true,"href":"https:\/\/fideamerica.net\/site\/wp-json\/wp\/v2\/users\/1"}],"replies":[{"embeddable":true,"href":"https:\/\/fideamerica.net\/site\/wp-json\/wp\/v2\/comments?post=17499"}],"version-history":[{"count":2,"href":"https:\/\/fideamerica.net\/site\/wp-json\/wp\/v2\/posts\/17499\/revisions"}],"predecessor-version":[{"id":17505,"href":"https:\/\/fideamerica.net\/site\/wp-json\/wp\/v2\/posts\/17499\/revisions\/17505"}],"wp:featuredmedia":[{"embeddable":true,"href":"https:\/\/fideamerica.net\/site\/wp-json\/wp\/v2\/media\/17504"}],"wp:attachment":[{"href":"https:\/\/fideamerica.net\/site\/wp-json\/wp\/v2\/media?parent=17499"}],"wp:term":[{"taxonomy":"category","embeddable":true,"href":"https:\/\/fideamerica.net\/site\/wp-json\/wp\/v2\/categories?post=17499"},{"taxonomy":"post_tag","embeddable":true,"href":"https:\/\/fideamerica.net\/site\/wp-json\/wp\/v2\/tags?post=17499"}],"curies":[{"name":"wp","href":"https:\/\/api.w.org\/{rel}","templated":true}]}}